{"id":329,"date":"2009-05-26T16:47:54","date_gmt":"2009-05-26T15:47:54","guid":{"rendered":"http:\/\/www.nodo50.org\/laboratoriourbano\/?p=329"},"modified":"2017-11-02T22:52:28","modified_gmt":"2017-11-02T22:52:28","slug":"economia-poder-y-megaproyectos","status":"publish","type":"post","link":"https:\/\/montera34.org\/laboratoriourbano\/2009\/05\/26\/economia-poder-y-megaproyectos\/","title":{"rendered":"Econom\u00eda, poder y megaproyectos"},"content":{"rendered":"<p>El <a href=\"http:\/\/www.clubdebatesurbanos.com\/\">Club de Debates Urbanos<\/a> nos invita este <strong>mi\u00e9rcoles 27\u00a0 de mayo<\/strong> a la presentaci\u00f3n del libro de Federico Aguilera y Jos\u00e9 Manuel Naredo (editores) <strong>\u201cEconom\u00eda, poder y megaproyectos\u201d<\/strong>, sobre las conexiones entre l\u00f3gicas econ\u00f3micas, intereses pol\u00edticos y grandes proyectos urbanos. El libro ha sido editado por la Fundaci\u00f3n C\u00e9sar Manrique y es fruto del <a href=\"http:\/\/www.fcmanrique.org\/nota.php?idNoticia=98&amp;fl=1\">curso<\/a> que con el mismo nombre organizaron en 2007. (Se pueden consultar los <a href=\"http:\/\/www.fcmanrique.org\/nota.php?idNoticia=100&amp;fl=1\">res\u00famenes de las ponencias<\/a> del curso)<\/p>\n<p><!--more-->Intervendr\u00e1n:<\/p>\n<p><strong>F\u00e9lix Arias Goytre<\/strong> (Arquitecto), coautor.<br \/>\n<strong>Manuel Delgado Cabeza<\/strong> (Catedr\u00e1tico de Econom\u00eda Aplicada, Univ. de Sevilla), coautor<br \/>\n<strong>Jos\u00e9 Manuel Naredo<\/strong> (Economista), coautor<br \/>\n<strong>Jos\u00e9 M\u00aa Ezquiaga Dominguez<\/strong> (Arquitecto, profesor Titular Urban\u00edstica Escuela de Arquitectura de Madrid)<br \/>\nModera: <strong>Ram\u00f3n L\u00f3pez de Lucio<\/strong>, arquitecto (Miembro Junta Directiva del Club de Debates Urbanos)<\/p>\n<p>Mi\u00e9rcoles, 27 de Mayo de 2009<br \/>\nA las 19:30 h. Sala Mar\u00eda Zambrano<br \/>\nCIRCULO DE BELLAS ARTES<br \/>\nMarqu\u00e9s de Casa Riera, 2-Madrid<\/p>\n","protected":false},"excerpt":{"rendered":"<p>El Club de Debates Urbanos nos invita este mi\u00e9rcoles 27\u00a0 de mayo a la presentaci\u00f3n del libro de Federico Aguilera y Jos\u00e9 Manuel Naredo (editores) \u201cEconom\u00eda, poder y megaproyectos\u201d, sobre las conexiones entre l\u00f3gicas econ\u00f3micas, intereses pol\u00edticos y grandes proyectos urbanos. El libro ha sido editado por la Fundaci\u00f3n C\u00e9sar Manrique y es fruto del [&hellip;]<\/p>\n","protected":false},"author":27,"featured_media":0,"comment_status":"closed","ping_status":"closed","sticky":false,"template":"","format":"standard","meta":{"footnotes":""},"categories":[3,7],"tags":[],"class_list":["post-329","post","type-post","status-publish","format-standard","hentry","category-convocatorias","category-reflexiones"],"_links":{"self":[{"href":"https:\/\/montera34.org\/laboratoriourbano\/wp-json\/wp\/v2\/posts\/329","targetHints":{"allow":["GET"]}}],"collection":[{"href":"https:\/\/montera34.org\/laboratoriourbano\/wp-json\/wp\/v2\/posts"}],"about":[{"href":"https:\/\/montera34.org\/laboratoriourbano\/wp-json\/wp\/v2\/types\/post"}],"author":[{"embeddable":true,"href":"https:\/\/montera34.org\/laboratoriourbano\/wp-json\/wp\/v2\/users\/27"}],"replies":[{"embeddable":true,"href":"https:\/\/montera34.org\/laboratoriourbano\/wp-json\/wp\/v2\/comments?post=329"}],"version-history":[{"count":1,"href":"https:\/\/montera34.org\/laboratoriourbano\/wp-json\/wp\/v2\/posts\/329\/revisions"}],"predecessor-version":[{"id":743,"href":"https:\/\/montera34.org\/laboratoriourbano\/wp-json\/wp\/v2\/posts\/329\/revisions\/743"}],"wp:attachment":[{"href":"https:\/\/montera34.org\/laboratoriourbano\/wp-json\/wp\/v2\/media?parent=329"}],"wp:term":[{"taxonomy":"category","embeddable":true,"href":"https:\/\/montera34.org\/laboratoriourbano\/wp-json\/wp\/v2\/categories?post=329"},{"taxonomy":"post_tag","embeddable":true,"href":"https:\/\/montera34.org\/laboratoriourbano\/wp-json\/wp\/v2\/tags?post=329"}],"curies":[{"name":"wp","href":"https:\/\/api.w.org\/{rel}","templated":true}]}}