{"id":300,"date":"2009-03-27T09:52:31","date_gmt":"2009-03-27T08:52:31","guid":{"rendered":"http:\/\/www.nodo50.org\/laboratoriourbano\/?p=300"},"modified":"2017-11-02T22:52:28","modified_gmt":"2017-11-02T22:52:28","slug":"contra-el-expolio-de-la-cornisa","status":"publish","type":"post","link":"https:\/\/montera34.org\/laboratoriourbano\/2009\/03\/27\/contra-el-expolio-de-la-cornisa\/","title":{"rendered":"Contra el expolio de la Cornisa"},"content":{"rendered":"<p><strong>Manifestaci\u00f3n para evitar la destrucci\u00f3n del Parque de la Cornisa y los Jardines de las Vistillas, este domingo 29 de marzo a las 12:00 desde el Parque de las Vistillas hasta la Almudena<\/strong>. M\u00e1s informaci\u00f3n sobre el proceso en el blog de la Plataforma <a href=\"http:\/\/www.parquedelacornisa.org\/\">parquedelacornisa.org<\/a> y en el blog de <a href=\"http:\/\/elblogdefarina.blogspot.com\/2009\/03\/la-indefension-del-paisaje-urbano.html\">Jos\u00e9 Fari\u00f1<\/a><span style=\"color: #000000\"><a href=\"http:\/\/elblogdefarina.blogspot.com\/2009\/03\/la-indefension-del-paisaje-urbano.html\">a<\/a>, Catedr\u00e1tico de Urban\u00edstica y Ordenaci\u00f3n del Territorio en la Universidad Polit\u00e9cnica de Madrid. Tambi\u00e9n est\u00e1n <a href=\"http:\/\/www.parquedelacornisa.org\/firmas.php\">recogiendo firmas<\/a> para \u00abevitar la ejecuci\u00f3n del Plan Parcial de Reforma Interior de la Cornisa del r\u00edo Manzanares, aprobado por el pleno del Ayuntamiento de Madrid el d\u00eda 27 de febrero de 2009, por el cual se concede al Arzobispado una edificabilidad de 25.557 m2 y al Ayuntamiento la posibilidad de levantar edificios para equipamientos p\u00fablicos, en una zona especialmente importante para la ciudad, por ser una zona verde, una zona de importante valor arqueol\u00f3gico y un paisaje emblem\u00e1tico de Madrid\u00bb.<br \/>\n<\/span><\/p>\n<p><span style=\"color: #000000\"> <\/span><a href=\"http:\/\/www.parquedelacornisa.org\/\"><img loading=\"lazy\" decoding=\"async\" class=\"alignnone\" title=\"cartel\" src=\"http:\/\/www.parquedelacornisa.org\/wp-content\/uploads\/2009\/03\/cartel_manifestacion.jpg\" alt=\"\" width=\"497\" height=\"679\" \/><\/a><\/p>\n","protected":false},"excerpt":{"rendered":"<p>Manifestaci\u00f3n para evitar la destrucci\u00f3n del Parque de la Cornisa y los Jardines de las Vistillas, este domingo 29 de marzo a las 12:00 desde el Parque de las Vistillas hasta la Almudena. M\u00e1s informaci\u00f3n sobre el proceso en el blog de la Plataforma parquedelacornisa.org y en el blog de Jos\u00e9 Fari\u00f1a, Catedr\u00e1tico de Urban\u00edstica [&hellip;]<\/p>\n","protected":false},"author":27,"featured_media":0,"comment_status":"closed","ping_status":"closed","sticky":false,"template":"","format":"standard","meta":{"footnotes":""},"categories":[3,4],"tags":[],"class_list":["post-300","post","type-post","status-publish","format-standard","hentry","category-convocatorias","category-otras-iniciativas"],"_links":{"self":[{"href":"https:\/\/montera34.org\/laboratoriourbano\/wp-json\/wp\/v2\/posts\/300","targetHints":{"allow":["GET"]}}],"collection":[{"href":"https:\/\/montera34.org\/laboratoriourbano\/wp-json\/wp\/v2\/posts"}],"about":[{"href":"https:\/\/montera34.org\/laboratoriourbano\/wp-json\/wp\/v2\/types\/post"}],"author":[{"embeddable":true,"href":"https:\/\/montera34.org\/laboratoriourbano\/wp-json\/wp\/v2\/users\/27"}],"replies":[{"embeddable":true,"href":"https:\/\/montera34.org\/laboratoriourbano\/wp-json\/wp\/v2\/comments?post=300"}],"version-history":[{"count":1,"href":"https:\/\/montera34.org\/laboratoriourbano\/wp-json\/wp\/v2\/posts\/300\/revisions"}],"predecessor-version":[{"id":736,"href":"https:\/\/montera34.org\/laboratoriourbano\/wp-json\/wp\/v2\/posts\/300\/revisions\/736"}],"wp:attachment":[{"href":"https:\/\/montera34.org\/laboratoriourbano\/wp-json\/wp\/v2\/media?parent=300"}],"wp:term":[{"taxonomy":"category","embeddable":true,"href":"https:\/\/montera34.org\/laboratoriourbano\/wp-json\/wp\/v2\/categories?post=300"},{"taxonomy":"post_tag","embeddable":true,"href":"https:\/\/montera34.org\/laboratoriourbano\/wp-json\/wp\/v2\/tags?post=300"}],"curies":[{"name":"wp","href":"https:\/\/api.w.org\/{rel}","templated":true}]}}