{"id":27,"date":"2008-06-10T23:31:24","date_gmt":"2008-06-10T22:31:24","guid":{"rendered":"http:\/\/www.nodo50.org\/laboratoriourbano\/?p=27"},"modified":"2017-11-02T22:52:29","modified_gmt":"2017-11-02T22:52:29","slug":"presentacion-del-ultimo-libro-de-ramon-fernandez-duran","status":"publish","type":"post","link":"https:\/\/montera34.org\/laboratoriourbano\/2008\/06\/10\/presentacion-del-ultimo-libro-de-ramon-fernandez-duran\/","title":{"rendered":"Presentaci\u00f3n del \u00faltimo libro de Ram\u00f3n Fern\u00e1ndez Dur\u00e1n"},"content":{"rendered":"<p>Para quien no conozca a Ram\u00f3n, es el autor de \u00abEl tsunami urbanizador espa\u00f1ol y mundial\u00bb, y este nuevo libro promete ser igual de visionario, imprescindible para comprender el alcance de la crisis actual y el escenario que se nos presenta. Muy recomendable.<!--more--><\/p>\n<p><strong>MARTES 17 JUNIO. Presentaci\u00f3n del libro <a href=\"http:\/\/www.ecologistasenaccion.org\/IMG\/pdf_El_crepusculo_de_la_era_tragica_del_petroleo.pdf\">\u201cEL CREP\u00daSCULO DE LA ERA TR\u00c1GICA DEL PETR\u00d3LEO\u201d<\/a><\/strong>. Se organizar\u00e1 una mesa redonda con el autor, Ram\u00f3n Fern\u00e1ndez Dur\u00e1n y Yayo Herrero, Cristina Rois, Santiago Mart\u00edn Barajas, M\u00aa Angeles Nieto, Paco Segura y Luis Gonz\u00e1lez. Modera la mesa: Marta Pascual.<br \/>\nHora: 19.15 h.  Lugar: Centro Social de Ecologistas en Acci\u00f3n (C\/ Marqu\u00e9s de Legan\u00e9s, 12).<\/p>\n<p>La presentaci\u00f3n se repetir\u00e1 el <strong>mi\u00e9rcoles 18, en Traficantes de Sue\u00f1os<\/strong> (C\/ Embajadores 35), con la presencia del autor, Jaime Pastor, Montse Galcer\u00e1n, Carlos Pereda, Carlos Vidania, Emmanuel Rodr\u00edguez. Modera: Fern\u00e1n Chalmeta.<\/p>\n","protected":false},"excerpt":{"rendered":"<p>Para quien no conozca a Ram\u00f3n, es el autor de \u00abEl tsunami urbanizador espa\u00f1ol y mundial\u00bb, y este nuevo libro promete ser igual de visionario, imprescindible para comprender el alcance de la crisis actual y el escenario que se nos presenta. Muy recomendable.<\/p>\n","protected":false},"author":27,"featured_media":0,"comment_status":"closed","ping_status":"closed","sticky":false,"template":"","format":"standard","meta":{"footnotes":""},"categories":[3],"tags":[],"class_list":["post-27","post","type-post","status-publish","format-standard","hentry","category-convocatorias"],"_links":{"self":[{"href":"https:\/\/montera34.org\/laboratoriourbano\/wp-json\/wp\/v2\/posts\/27","targetHints":{"allow":["GET"]}}],"collection":[{"href":"https:\/\/montera34.org\/laboratoriourbano\/wp-json\/wp\/v2\/posts"}],"about":[{"href":"https:\/\/montera34.org\/laboratoriourbano\/wp-json\/wp\/v2\/types\/post"}],"author":[{"embeddable":true,"href":"https:\/\/montera34.org\/laboratoriourbano\/wp-json\/wp\/v2\/users\/27"}],"replies":[{"embeddable":true,"href":"https:\/\/montera34.org\/laboratoriourbano\/wp-json\/wp\/v2\/comments?post=27"}],"version-history":[{"count":1,"href":"https:\/\/montera34.org\/laboratoriourbano\/wp-json\/wp\/v2\/posts\/27\/revisions"}],"predecessor-version":[{"id":768,"href":"https:\/\/montera34.org\/laboratoriourbano\/wp-json\/wp\/v2\/posts\/27\/revisions\/768"}],"wp:attachment":[{"href":"https:\/\/montera34.org\/laboratoriourbano\/wp-json\/wp\/v2\/media?parent=27"}],"wp:term":[{"taxonomy":"category","embeddable":true,"href":"https:\/\/montera34.org\/laboratoriourbano\/wp-json\/wp\/v2\/categories?post=27"},{"taxonomy":"post_tag","embeddable":true,"href":"https:\/\/montera34.org\/laboratoriourbano\/wp-json\/wp\/v2\/tags?post=27"}],"curies":[{"name":"wp","href":"https:\/\/api.w.org\/{rel}","templated":true}]}}