{"id":238,"date":"2005-12-26T12:41:47","date_gmt":"2005-12-26T11:41:47","guid":{"rendered":"http:\/\/www.nodo50.org\/laboratoriourbano\/?p=238"},"modified":"2017-11-02T22:52:28","modified_gmt":"2017-11-02T22:52:28","slug":"cuartos-mundos","status":"publish","type":"post","link":"https:\/\/montera34.org\/laboratoriourbano\/2005\/12\/26\/cuartos-mundos\/","title":{"rendered":"Cuartos Mundos"},"content":{"rendered":"<p>2005 \/ Junio (publicaci\u00f3n); Julio &#8211; Septiembre (exposici\u00f3n )<\/p>\n<p>Investigaci\u00f3n colectiva sobre el espacio urbano desde el punto de vista del Cuarto Mundo para la exposici\u00f3n realizada en la Casa Encendida. Realizada con Juan L\u00f3pez-Aranguren Bl\u00e1zquez y Rub\u00e9n Lorenzo Montero. El proyecto estudia y cartograf\u00eda el espacio urbano en relaci\u00f3n con el cuarto mundo, trabajando desde la hip\u00f3tesis de las transformaciones que sufre \u00e9ste (el espacio urbano) para invisibilizar y controlar estos procesos (el cuarto mundo). Las cuestiones centrales son, c\u00f3mo usan y viven el espacio p\u00fablico las personas del cuarto mundo (desde la perspectiva de ser usuarios intensivos de este espacio), c\u00f3mo se transforma el espacio y c\u00f3mo afectan estas transformaciones al uso cotidiano de ese espacio.<\/p>\n<ul>\n<li>Descargar archivo pdf con colaboraci\u00f3n Cuartos Mundos (pr\u00f3ximamente)<strong><br \/>\n<\/strong><\/li>\n<\/ul>\n","protected":false},"excerpt":{"rendered":"<p>2005 \/ Junio (publicaci\u00f3n); Julio &#8211; Septiembre (exposici\u00f3n ) Investigaci\u00f3n colectiva sobre el espacio urbano desde el punto de vista del Cuarto Mundo para la exposici\u00f3n realizada en la Casa Encendida. Realizada con Juan L\u00f3pez-Aranguren Bl\u00e1zquez y Rub\u00e9n Lorenzo Montero. El proyecto estudia y cartograf\u00eda el espacio urbano en relaci\u00f3n con el cuarto mundo, trabajando [&hellip;]<\/p>\n","protected":false},"author":30,"featured_media":0,"comment_status":"closed","ping_status":"closed","sticky":false,"template":"","format":"standard","meta":{"footnotes":""},"categories":[10,5],"tags":[],"class_list":["post-238","post","type-post","status-publish","format-standard","hentry","category-exposiciones","category-proyectos"],"_links":{"self":[{"href":"https:\/\/montera34.org\/laboratoriourbano\/wp-json\/wp\/v2\/posts\/238","targetHints":{"allow":["GET"]}}],"collection":[{"href":"https:\/\/montera34.org\/laboratoriourbano\/wp-json\/wp\/v2\/posts"}],"about":[{"href":"https:\/\/montera34.org\/laboratoriourbano\/wp-json\/wp\/v2\/types\/post"}],"author":[{"embeddable":true,"href":"https:\/\/montera34.org\/laboratoriourbano\/wp-json\/wp\/v2\/users\/30"}],"replies":[{"embeddable":true,"href":"https:\/\/montera34.org\/laboratoriourbano\/wp-json\/wp\/v2\/comments?post=238"}],"version-history":[{"count":1,"href":"https:\/\/montera34.org\/laboratoriourbano\/wp-json\/wp\/v2\/posts\/238\/revisions"}],"predecessor-version":[{"id":737,"href":"https:\/\/montera34.org\/laboratoriourbano\/wp-json\/wp\/v2\/posts\/238\/revisions\/737"}],"wp:attachment":[{"href":"https:\/\/montera34.org\/laboratoriourbano\/wp-json\/wp\/v2\/media?parent=238"}],"wp:term":[{"taxonomy":"category","embeddable":true,"href":"https:\/\/montera34.org\/laboratoriourbano\/wp-json\/wp\/v2\/categories?post=238"},{"taxonomy":"post_tag","embeddable":true,"href":"https:\/\/montera34.org\/laboratoriourbano\/wp-json\/wp\/v2\/tags?post=238"}],"curies":[{"name":"wp","href":"https:\/\/api.w.org\/{rel}","templated":true}]}}