{"id":213,"date":"2004-12-23T11:40:26","date_gmt":"2004-12-23T10:40:26","guid":{"rendered":"http:\/\/www.nodo50.org\/laboratoriourbano\/?p=213"},"modified":"2017-11-02T22:52:28","modified_gmt":"2017-11-02T22:52:28","slug":"el-lujo-precario-ii","status":"publish","type":"post","link":"https:\/\/montera34.org\/laboratoriourbano\/2004\/12\/23\/el-lujo-precario-ii\/","title":{"rendered":"\u00abEl lujo precario\u00bb (II)"},"content":{"rendered":"<h4 style=\"text-align: justify\">Laboratorio Urbano (2004)<\/h4>\n<p style=\"text-align: justify\">Segundo art\u00edculo de una serie de dos que describe de forma cr\u00edtica los desarrollos urban\u00edsticos recientes de la ciudad de Madrid. Colaboraci\u00f3n con el peri\u00f3dico quincenal Diagonal ( n\u00ba0). Ver art\u00edculo en la pg.4 del <a title=\"Ellujoprecario.pdf\" href=\"http:\/\/www.diagonalperiodico.net\/antigua\/38_41enelalambre_n0.pdf\">pdf<!--more--><\/a><\/p>\n<p style=\"text-align: justify\">\n<h1 style=\"text-align: justify\">2.- An\u00e1lisis morfol\u00f3gico de los PAUs de Madrid.<\/h1>\n<p class=\"MsoNormal\" style=\"text-align: justify\">\n<p style=\"text-align: justify\">En este segundo art\u00edculo sobre los nuevos barrios de Madrid, ofrecemos un an\u00e1lisis de los PAUs desde un punto de vista puramente morfol\u00f3gico. Las apreciaciones proceden de paseos desarrollados por los PAUs y por distintas zonas de la ciudad de Madrid; los n\u00fameros son gordos.<\/p>\n<p style=\"text-align: justify\">La manzana t\u00edpica de un PAU es cerrada y mide en superficie aproximadamente una hect\u00e1rea, 100&#215;100 metros. Cada manzana tiene asignado un uso espec\u00edfico: vivienda protegida, vivienda libre, uso terciario o equipamiento de alg\u00fan tipo. A cada manzana le corresponde un proyecto arquitect\u00f3nico independiente, funcionando en la pr\u00e1ctica cada una de ellas como una urbanizaci\u00f3n. Este modelo no debiera ser en s\u00ed mismo malo, conocemos numerosos ejemplos que siguiendo esta estrategia han obtenido, con sus limitaciones, resultados bastante interesantes (Alameda de Osuna o Barrio de la Estrella, por ejemplo).<\/p>\n<p style=\"text-align: justify\">La relaci\u00f3n de cada una de estas urbanizaciones con la calle es diversa: en la inmensa mayor\u00eda se distribuye la entrada a los distintos bloques desde el patio interior de manzana, reduciendo al m\u00ednimo el n\u00famero de portales que dan a la calle (muchas manzanas tienen una sola entrada controlada por un puesto de seguridad); aparte de esta caracter\u00edstica com\u00fan, observamos que muchas optan por retranquear los edificios una peque\u00f1a distancia (unos 4m) con respecto de la acera, generando un jard\u00edn perimetral, en este caso el borde de la calle se materializa en un muro de unos 2-2,5 m, ciego, de setos o mixto; otras colocan los edificios al borde de la parcela, con ventanas en planta baja que dan bien a garajes, bien a cuartos trasteros o viviendas (estas ventanas aparecen siempre enrejadas); una tercera opci\u00f3n es la combinaci\u00f3n de las dos anteriores con un cierto n\u00famero de locales comerciales que miden un m\u00ednimo de unos 100 m2 y cuyo frente a calle rondar\u00eda los 10-15 m (estas dimensiones resultan excesivas para peque\u00f1os negocios).<\/p>\n<p style=\"text-align: justify\">Los edificios que pueblan estas manzanas se componen de la siguiente forma: planta baja (de 4 m de altura), cuerpo de unas seis o siete plantas (cada una de ellas mide unos 3 m de altura entresuelo y suelo) y cuerpo superior (\u00e1ticos) de una o dos plantas (el total ronda las ocho alturas). Un cuerpo bajo de 4 m en calles tan anchas como las de los PAUs no logra generar el aspecto continuo de calle (los cuerpos bajos del ensanche tienen dos alturas, un m\u00ednimo de entre 6 y 8 metros, la altura de 4 metros para cuerpo bajo se produce en calles muy estrechas). Por otra parte, los bloques continuos de 100m son demasiado grandes para generar la variedad visual que se produce en cualquier calle construida a partir de manzanas divididas en parcelas de 20-30 m de frente.<\/p>\n<p style=\"text-align: justify\">Existen dos o tres tipos de calles, las m\u00e1s estrechas miden unos 15 m, las m\u00e1s anchas alcanzan los 30 m (aproximadamente lo mismo que la Gran V\u00eda). Las calles anchas vienen a tener el siguiente aspecto: medianera ajardinada, un m\u00ednimo de dos carriles en cada sentido, bandas para el aparcamiento en bater\u00eda, una zona ajardinada con \u00e1rboles y arbustos y acera pisable (2,5-3m). Algunas calles llegan a tener hasta tres y cuatro carriles por sentido. Las calles m\u00e1s estrechas, algunas de un solo sentido, reducen de forma dr\u00e1stica el ancho de las aceras, renunciando a cualquier tipo de ajardinamiento o arbolado y manteniendo holgados carriles de circulaci\u00f3n y el aparcamiento en bater\u00eda. La longitud de las calles tambi\u00e9n var\u00eda, muy pocas veces es inferior a los 200 o 300 m y no son poco frecuentes las calles que miden 2 Km o m\u00e1s. Las calles asumen un patr\u00f3n de secci\u00f3n (anchas o estrechas) y lo repiten a lo largo de toda su longitud, sin embargo, como hemos visto, el contacto con la manzana se produce de forma diferente en cada caso. Dadas estas condiciones, resulta muy complicado identificar una estructura pregnante que distinga entre calles principales (avenidas que conectan lugares de la ciudad), calles secundarias (con comercios dom\u00e9sticos, equipamientos de nivel barrio y menos tr\u00e1fico) y peque\u00f1as calles terciarias (de acceso a las viviendas, estrechas y cortas, pobladas de numerosos portales). Un ejemplo claro de esta secuencia ser\u00eda Alberto Aguilera, Blasco de Garay, Francisco Ricci; caso t\u00edpico del modelo con el que se construye toda la trama del ensanche madrile\u00f1o.<\/p>\n<p style=\"text-align: justify\">Las calles se disponen seg\u00fan una ret\u00edcula geom\u00e9trica de formas simples. Los espacios p\u00fablicos ocupar\u00e1n manzanas completas, las zonas verdes (a excepci\u00f3n de las de borde) ocupan una o m\u00e1s manzanas (por lo tanto, nunca miden menos de una hect\u00e1rea; la zona verde central de Sanchinarro mide unas 6 Ha). Los equipamientos se sit\u00faan tambi\u00e9n uno por manzana, de su materializaci\u00f3n f\u00edsica depender\u00e1 la existencia o no de verdaderos espacios p\u00fablicos. No somos capaces de encontrar plazas propiamente dichas; cuando \u00e9stas aparecen denominadas como tales, corresponden a manzanas de zona verde, o al vac\u00edo generado por grandes rotondas, en cualquier caso espacios rodeados de una acera y vial rodado. Las dimensiones de estos parques-plaza-manzana, que segregan la trama del espacio p\u00fablico de la trama edificada, resultan excesivas. Grandes plazas de nivel metropolitano, como la de Santa Ana o el Dos de Mayo miden en torno a la media hect\u00e1rea de superficie, y en ellas observamos dise\u00f1os espaciales complejos, con ensanchamientos de calles, peque\u00f1as preplazas, recovecos&#8230; (Madrid est\u00e1 lleno de peque\u00f1as plazas, como la de San Ildefonso, que miden alrededor de 0,1-0,25 Ha); tambi\u00e9n podemos hablar de numerosos parques que miden no m\u00e1s de 1 Ha o 1,5 Ha de superficie (el Jard\u00edn Rastro, por ejemplo); los parques de mayor superficie cumplen funciones de conexi\u00f3n (se entra por un barrio y se sale por otro&#8230;). Cada PAU incorpora, en un intento por dotar a los desarrollos de elementos significativos, algunas actuaciones singulares como el espectacular edificio de viviendas con agujero de Sanchinarro.<\/p>\n<p style=\"text-align: justify\">Todos los nuevos desarrollos limitan con grandes infraestructuras viarias; los PAUs de Sanchinarro, Las Tablas y Montecarmelo son aut\u00e9nticas islas dentro de nudos de autopistas. El dise\u00f1o de los bordes ha sido muy poco cuidadoso, en el caso del contacto con las infraestructuras es caracter\u00edstico el parque lineal de borde, en este caso su dise\u00f1o parece meramente residual (contrastan en su ancho y calidad con soluciones como el Parque Lineal de Palomeras), vi\u00e9ndose reducidos seg\u00fan aumentan las necesidades de las infraestructuras (reducci\u00f3n del parque lineal de Carabanchel a costa de nuevos carriles para la M-40). Las grandes infraestructuras se salvan con un cat\u00e1logo bastante limitado de soluciones: peque\u00f1os pasadizos subterr\u00e1neos o grandes estructuras a\u00e9reas o subterr\u00e1neas, que a pesar de contener aceras cumplen una funci\u00f3n primordialmente distribuidora del tr\u00e1fico rodado; en cualquiera de los casos es muy dif\u00edcil detectar el posible tramado de tejidos con calles importantes, plazas articuladoras, parques conectores&#8230; De esta forma, por ejemplo, la isla Sanchinarro queda totalmente segregada tanto del pol\u00edgono de Manoteras y de Virgen del Cortijo, con los que comparte isla, como de Las Tablas, de Hortaleza y del futuro parque de Valdebebas, asimilable en superficie a la Casa de Campo y que quedan al otro lado de la NI, de la A10 y de la M40 respectivamente. Bravo Murillo, una calle de casi 3 Km de longitud es un claro ejemplo de estructura que vertebra multitud de tejidos diversos.<\/p>\n<p style=\"text-align: justify\">Entendemos que un barrio cumple esencialmente dos caracter\u00edsticas: es un lugar m\u00e1s o menos aut\u00f3nomo (puedes realizar las actividades m\u00e1s cotidianas translad\u00e1ndote a pie) y fuertemente relacionado con todo lo que le rodea a trav\u00e9s de piezas que trascienden lo dom\u00e9stico y constituyen espacios importantes en la ciudad<a name=\"_ftnref1\" href=\"#_ftn1\"><!--[if !supportFootnotes]-->[1]<!--[endif]--><\/a>; observando los PAUs resulta dif\u00edcil imaginar c\u00f3mo se cumplir\u00e1n estas condiciones.<\/p>\n<div style=\"text-align: justify\"><!--[if !supportFootnotes]--><\/p>\n<hr size=\"1\" \/><!--[endif]--><\/p>\n<div id=\"ftn1\">\n<p style=\"margin-left: 35.4pt\"><a name=\"_ftn1\" href=\"#_ftnref1\"><!--[if !supportFootnotes]-->[1]<!--[endif]--><\/a>Agust\u00edn Hern\u00e1ndez Aja (2000) \u201cLa Ciudad Estructurada\u201d; Biblioteca CF+S (Ciudades para un futuro m\u00e1s sostenible). Bolet\u00edn n\u00ba 24.<\/p>\n<p style=\"margin-left: 35.4pt;text-align: justify\">Julio Alguacil (1995) \u201cVeinticinco tesis sobre la complejidad del concepto de lo social en las intervenciones de vivienda p\u00fablica\u201d. Pensar la vivienda, Luis Cort\u00e9s Alcal\u00e1 (coord.); Federaci\u00f3n Regional de Asociaciones de Vecinos de Madrid, Talsa Ediciones, Madrid.<\/p>\n<\/div>\n<\/div>\n","protected":false},"excerpt":{"rendered":"<p>Laboratorio Urbano (2004) Segundo art\u00edculo de una serie de dos que describe de forma cr\u00edtica los desarrollos urban\u00edsticos recientes de la ciudad de Madrid. Colaboraci\u00f3n con el peri\u00f3dico quincenal Diagonal ( n\u00ba0). Ver art\u00edculo en la pg.4 del pdf<\/p>\n","protected":false},"author":30,"featured_media":0,"comment_status":"closed","ping_status":"closed","sticky":false,"template":"","format":"standard","meta":{"footnotes":""},"categories":[5,6],"tags":[],"class_list":["post-213","post","type-post","status-publish","format-standard","hentry","category-proyectos","category-publicaciones"],"_links":{"self":[{"href":"https:\/\/montera34.org\/laboratoriourbano\/wp-json\/wp\/v2\/posts\/213","targetHints":{"allow":["GET"]}}],"collection":[{"href":"https:\/\/montera34.org\/laboratoriourbano\/wp-json\/wp\/v2\/posts"}],"about":[{"href":"https:\/\/montera34.org\/laboratoriourbano\/wp-json\/wp\/v2\/types\/post"}],"author":[{"embeddable":true,"href":"https:\/\/montera34.org\/laboratoriourbano\/wp-json\/wp\/v2\/users\/30"}],"replies":[{"embeddable":true,"href":"https:\/\/montera34.org\/laboratoriourbano\/wp-json\/wp\/v2\/comments?post=213"}],"version-history":[{"count":1,"href":"https:\/\/montera34.org\/laboratoriourbano\/wp-json\/wp\/v2\/posts\/213\/revisions"}],"predecessor-version":[{"id":726,"href":"https:\/\/montera34.org\/laboratoriourbano\/wp-json\/wp\/v2\/posts\/213\/revisions\/726"}],"wp:attachment":[{"href":"https:\/\/montera34.org\/laboratoriourbano\/wp-json\/wp\/v2\/media?parent=213"}],"wp:term":[{"taxonomy":"category","embeddable":true,"href":"https:\/\/montera34.org\/laboratoriourbano\/wp-json\/wp\/v2\/categories?post=213"},{"taxonomy":"post_tag","embeddable":true,"href":"https:\/\/montera34.org\/laboratoriourbano\/wp-json\/wp\/v2\/tags?post=213"}],"curies":[{"name":"wp","href":"https:\/\/api.w.org\/{rel}","templated":true}]}}