{"id":144,"date":"2004-09-01T16:26:01","date_gmt":"2004-09-01T15:26:01","guid":{"rendered":"http:\/\/www.nodo50.org\/laboratoriourbano\/?p=144"},"modified":"2017-11-02T22:52:28","modified_gmt":"2017-11-02T22:52:28","slug":"me-bajo-a-la-calle","status":"publish","type":"post","link":"https:\/\/montera34.org\/laboratoriourbano\/2004\/09\/01\/me-bajo-a-la-calle\/","title":{"rendered":"\u00a1me bajo a la calle!"},"content":{"rendered":"<p class=\"MsoNormal\">2004 \/ Septiembre &gt;&gt; <em>\u00a1me bajo a la calle!<\/em> \u2013 Alcal\u00e1 de Henares, Madrid. Como parte del proyecto de arte p\u00fablico y revitalizaci\u00f3n urbana <strong>[R]ACTIVA&#8217;04<\/strong> organizamos un taller con ni\u00f1os de nueve y diez a\u00f1os en su colegio p\u00fablico. El taller reflej\u00f3 la visi\u00f3n que los ni\u00f1os tienen sobre su ciudad y recogi\u00f3 sus propuestas para mejorar su colegio. El taller queda recogido en una publicaci\u00f3n. Desarrollamos este taller en colaboraci\u00f3n con la asociaci\u00f3n de estudiantes de la ETSAM <strong>Basurama<\/strong>.<\/p>\n<ul>\n<li><a href=\"http:\/\/www.urbanohumano.org\/alcala\/alcala.htm\" target=\"_blank\">http:\/\/www.urbanohumano.org\/alcala\/alcala.htm<\/a><\/li>\n<li><a href=\"http:\/\/www.basurama.org\/b05_ractiva.htm\" target=\"_blank\">http:\/\/www.basurama.org\/b05_ractiva.htm<\/a><\/li>\n<\/ul>\n<p><strong><span style=\"color: #888888\"><span style=\"color: #000000\">Documentaci\u00f3n:<\/span> <\/span><\/strong><\/p>\n<p>Libro PDF:<\/p>\n<ul>\n<li><strong>Laboratorio Urbano<\/strong> (2004) <em>me bajo a la calle!<\/em> Editorial Mairea, Madrid<\/li>\n<\/ul>\n<p>Video del taller:<\/p>\n<ul><\/ul>\n","protected":false},"excerpt":{"rendered":"<p>2004 \/ Septiembre &gt;&gt; \u00a1me bajo a la calle! \u2013 Alcal\u00e1 de Henares, Madrid. Como parte del proyecto de arte p\u00fablico y revitalizaci\u00f3n urbana [R]ACTIVA&#8217;04 organizamos un taller con ni\u00f1os de nueve y diez a\u00f1os en su colegio p\u00fablico. El taller reflej\u00f3 la visi\u00f3n que los ni\u00f1os tienen sobre su ciudad y recogi\u00f3 sus propuestas [&hellip;]<\/p>\n","protected":false},"author":30,"featured_media":0,"comment_status":"closed","ping_status":"closed","sticky":false,"template":"","format":"standard","meta":{"footnotes":""},"categories":[5,8],"tags":[],"class_list":["post-144","post","type-post","status-publish","format-standard","hentry","category-proyectos","category-talleres"],"_links":{"self":[{"href":"https:\/\/montera34.org\/laboratoriourbano\/wp-json\/wp\/v2\/posts\/144","targetHints":{"allow":["GET"]}}],"collection":[{"href":"https:\/\/montera34.org\/laboratoriourbano\/wp-json\/wp\/v2\/posts"}],"about":[{"href":"https:\/\/montera34.org\/laboratoriourbano\/wp-json\/wp\/v2\/types\/post"}],"author":[{"embeddable":true,"href":"https:\/\/montera34.org\/laboratoriourbano\/wp-json\/wp\/v2\/users\/30"}],"replies":[{"embeddable":true,"href":"https:\/\/montera34.org\/laboratoriourbano\/wp-json\/wp\/v2\/comments?post=144"}],"version-history":[{"count":1,"href":"https:\/\/montera34.org\/laboratoriourbano\/wp-json\/wp\/v2\/posts\/144\/revisions"}],"predecessor-version":[{"id":722,"href":"https:\/\/montera34.org\/laboratoriourbano\/wp-json\/wp\/v2\/posts\/144\/revisions\/722"}],"wp:attachment":[{"href":"https:\/\/montera34.org\/laboratoriourbano\/wp-json\/wp\/v2\/media?parent=144"}],"wp:term":[{"taxonomy":"category","embeddable":true,"href":"https:\/\/montera34.org\/laboratoriourbano\/wp-json\/wp\/v2\/categories?post=144"},{"taxonomy":"post_tag","embeddable":true,"href":"https:\/\/montera34.org\/laboratoriourbano\/wp-json\/wp\/v2\/tags?post=144"}],"curies":[{"name":"wp","href":"https:\/\/api.w.org\/{rel}","templated":true}]}}