{"id":142,"date":"2004-03-08T16:24:41","date_gmt":"2004-03-08T15:24:41","guid":{"rendered":"http:\/\/www.nodo50.org\/laboratoriourbano\/?p=142"},"modified":"2017-11-02T22:52:29","modified_gmt":"2017-11-02T22:52:29","slug":"bla-bla-bla","status":"publish","type":"post","link":"https:\/\/montera34.org\/laboratoriourbano\/2004\/03\/08\/bla-bla-bla\/","title":{"rendered":"La construcci\u00f3n del espacio desde la participaci\u00f3n"},"content":{"rendered":"<p>2004 \/ Marzo &gt;&gt; <em>La construcci\u00f3n del espacio desde la participaci\u00f3n<\/em> &#8211; Taller en la <strong>ETS Arquitectura de Madrid<\/strong> al auspicio de <strong>IAU+S, Iniciativa para una Arquitectura y un Urbanismo m\u00e1s Sostenible<\/strong>. Reflexi\u00f3n colectiva en torno del concepto de participaci\u00f3n, clave cuando hablamos de sostenibilidad, como capacidad y derecho de los habitantes\/ usuarios\/ ciudadanos de analizar, criticar y transformar el medio en el que viven. Los procesos de toma de decisiones suceden casi siempre al margen de las personas que se ver\u00e1n afectadas por sus consecuencias, por lo que muchas de estas decisiones no responden a sus necesidades reales.<\/p>\n<ul>\n<li><a href=\"http:\/\/habitat.aq.upm.es\/boletin\/n32\/nlurb02.html\" target=\"_blank\">http:\/\/habitat.aq.upm.es\/boletin\/n32\/nlurb02.html<\/a><\/li>\n<li>Descargar dossier pdf sobre los talleres.<\/li>\n<li>Descargar paneles resumen de los talleres.<\/li>\n<li>Ver video de los talleres.<\/li>\n<\/ul>\n","protected":false},"excerpt":{"rendered":"<p>2004 \/ Marzo &gt;&gt; La construcci\u00f3n del espacio desde la participaci\u00f3n &#8211; Taller en la ETS Arquitectura de Madrid al auspicio de IAU+S, Iniciativa para una Arquitectura y un Urbanismo m\u00e1s Sostenible. Reflexi\u00f3n colectiva en torno del concepto de participaci\u00f3n, clave cuando hablamos de sostenibilidad, como capacidad y derecho de los habitantes\/ usuarios\/ ciudadanos de [&hellip;]<\/p>\n","protected":false},"author":30,"featured_media":0,"comment_status":"closed","ping_status":"closed","sticky":false,"template":"","format":"standard","meta":{"footnotes":""},"categories":[5,8],"tags":[],"class_list":["post-142","post","type-post","status-publish","format-standard","hentry","category-proyectos","category-talleres"],"_links":{"self":[{"href":"https:\/\/montera34.org\/laboratoriourbano\/wp-json\/wp\/v2\/posts\/142","targetHints":{"allow":["GET"]}}],"collection":[{"href":"https:\/\/montera34.org\/laboratoriourbano\/wp-json\/wp\/v2\/posts"}],"about":[{"href":"https:\/\/montera34.org\/laboratoriourbano\/wp-json\/wp\/v2\/types\/post"}],"author":[{"embeddable":true,"href":"https:\/\/montera34.org\/laboratoriourbano\/wp-json\/wp\/v2\/users\/30"}],"replies":[{"embeddable":true,"href":"https:\/\/montera34.org\/laboratoriourbano\/wp-json\/wp\/v2\/comments?post=142"}],"version-history":[{"count":1,"href":"https:\/\/montera34.org\/laboratoriourbano\/wp-json\/wp\/v2\/posts\/142\/revisions"}],"predecessor-version":[{"id":756,"href":"https:\/\/montera34.org\/laboratoriourbano\/wp-json\/wp\/v2\/posts\/142\/revisions\/756"}],"wp:attachment":[{"href":"https:\/\/montera34.org\/laboratoriourbano\/wp-json\/wp\/v2\/media?parent=142"}],"wp:term":[{"taxonomy":"category","embeddable":true,"href":"https:\/\/montera34.org\/laboratoriourbano\/wp-json\/wp\/v2\/categories?post=142"},{"taxonomy":"post_tag","embeddable":true,"href":"https:\/\/montera34.org\/laboratoriourbano\/wp-json\/wp\/v2\/tags?post=142"}],"curies":[{"name":"wp","href":"https:\/\/api.w.org\/{rel}","templated":true}]}}