{"id":129,"date":"2008-10-17T09:39:27","date_gmt":"2008-10-17T08:39:27","guid":{"rendered":"http:\/\/www.nodo50.org\/laboratoriourbano\/?p=129"},"modified":"2017-11-02T22:52:29","modified_gmt":"2017-11-02T22:52:29","slug":"mas-sobre-la-crisis","status":"publish","type":"post","link":"https:\/\/montera34.org\/laboratoriourbano\/2008\/10\/17\/mas-sobre-la-crisis\/","title":{"rendered":"M\u00e1s sobre la crisis"},"content":{"rendered":"<p>Mesa redonda: <strong>\u201cCrisis econ\u00f3mica e inmobiliaria: pasado, presente y futuro\u201d<\/strong>.<br \/>\nOrganiza: <a href=\"http:\/\/www.ecologistasenaccion.org\/spip.php?article12457\">Ecologistas en Acci\u00f3n<\/a> (Madrid)<\/p>\n<p>En los \u00faltimos meses, los acontencimientos relacionados con la crisis econ\u00f3mica son abrumadores. Los medios de comunicaci\u00f3n difunden noticias a diario y para los no expertos es dif\u00edcil seguir los acontecimientos.<\/p>\n<p>Para entender un poquito mejor lo que est\u00e1 sucediendo organizamos esta mesa redonda. Se dar\u00e1 una visi\u00f3n del origen de la crisis en la que nos encontramos, del papel que ha jugado el boom inmobiliario y el encarecimiento del petr\u00f3leo, entre otras cuestiones. Se analizar\u00e1n la situaci\u00f3n actual y previsiones futuras.<!--more--><\/p>\n<p>Participan:<br \/>\n<strong>Ram\u00f3n Fern\u00e1ndez Dur\u00e1n<\/strong> (Ecologistas en Acci\u00f3n),<br \/>\n<strong>Julio Rodr\u00edguez<\/strong> (Economista y Estad\u00edstico. Gerente de la Universidad de Alcal\u00e1 de Henares),<br \/>\n<strong>M\u00aa Jos\u00e9 L\u00f3pez<\/strong> (fue Jefa de Gabinete de la Exministra de Vivienda M\u00aa Antonio Trujillo).<\/p>\n<p>MI\u00c9RCOLES 22 OCTUBRE.<br \/>\nHora: 19.00 h.<br \/>\nLugar: Centro Social de Ecologistas en Acci\u00f3n (C\/ Marqu\u00e9s de Legan\u00e9s, 12).<\/p>\n","protected":false},"excerpt":{"rendered":"<p>Mesa redonda: \u201cCrisis econ\u00f3mica e inmobiliaria: pasado, presente y futuro\u201d. Organiza: Ecologistas en Acci\u00f3n (Madrid) En los \u00faltimos meses, los acontencimientos relacionados con la crisis econ\u00f3mica son abrumadores. Los medios de comunicaci\u00f3n difunden noticias a diario y para los no expertos es dif\u00edcil seguir los acontecimientos. Para entender un poquito mejor lo que est\u00e1 sucediendo [&hellip;]<\/p>\n","protected":false},"author":27,"featured_media":0,"comment_status":"closed","ping_status":"closed","sticky":false,"template":"","format":"standard","meta":{"footnotes":""},"categories":[3],"tags":[11],"class_list":["post-129","post","type-post","status-publish","format-standard","hentry","category-convocatorias","tag-crisis"],"_links":{"self":[{"href":"https:\/\/montera34.org\/laboratoriourbano\/wp-json\/wp\/v2\/posts\/129","targetHints":{"allow":["GET"]}}],"collection":[{"href":"https:\/\/montera34.org\/laboratoriourbano\/wp-json\/wp\/v2\/posts"}],"about":[{"href":"https:\/\/montera34.org\/laboratoriourbano\/wp-json\/wp\/v2\/types\/post"}],"author":[{"embeddable":true,"href":"https:\/\/montera34.org\/laboratoriourbano\/wp-json\/wp\/v2\/users\/27"}],"replies":[{"embeddable":true,"href":"https:\/\/montera34.org\/laboratoriourbano\/wp-json\/wp\/v2\/comments?post=129"}],"version-history":[{"count":1,"href":"https:\/\/montera34.org\/laboratoriourbano\/wp-json\/wp\/v2\/posts\/129\/revisions"}],"predecessor-version":[{"id":760,"href":"https:\/\/montera34.org\/laboratoriourbano\/wp-json\/wp\/v2\/posts\/129\/revisions\/760"}],"wp:attachment":[{"href":"https:\/\/montera34.org\/laboratoriourbano\/wp-json\/wp\/v2\/media?parent=129"}],"wp:term":[{"taxonomy":"category","embeddable":true,"href":"https:\/\/montera34.org\/laboratoriourbano\/wp-json\/wp\/v2\/categories?post=129"},{"taxonomy":"post_tag","embeddable":true,"href":"https:\/\/montera34.org\/laboratoriourbano\/wp-json\/wp\/v2\/tags?post=129"}],"curies":[{"name":"wp","href":"https:\/\/api.w.org\/{rel}","templated":true}]}}