{"id":120,"date":"2008-10-08T08:42:57","date_gmt":"2008-10-08T07:42:57","guid":{"rendered":"http:\/\/www.nodo50.org\/laboratoriourbano\/?p=120"},"modified":"2017-11-02T22:52:28","modified_gmt":"2017-11-02T22:52:28","slug":"david-harvey-en-madrid","status":"publish","type":"post","link":"https:\/\/montera34.org\/laboratoriourbano\/2008\/10\/08\/david-harvey-en-madrid\/","title":{"rendered":"David Harvey en Madrid"},"content":{"rendered":"<p>Esta tarde y ma\u00f1ana <strong>David Harvey<\/strong> estar\u00e1 en el Museo Reina Sof\u00eda presentando su libro \u00abPar\u00eds, capital de la modernidad\u00bb y participando en el seminario \u00abCrisis hipotecaria, crisis financiera, crisis global. Din\u00e1micas de producci\u00f3n de espacio, territorio, suelo y vivienda en la coyuntura actual.\u00bb<\/p>\n<p>En la presentaci\u00f3n (mi\u00e9rcoles 8, 20h) intervendr\u00e1n, adem\u00e1s del autor, <strong>Jaime Pastor<\/strong>, profesor de ciencia pol\u00edtica de la UNED, y <strong>Fernando Roch<\/strong>, catedr\u00e1tico de Urbanismo de la ETSAM.<\/p>\n<p>En el seminario ( jueves 9, 16-20h) participar\u00e1n: <strong>Ram\u00f3n Fern\u00e1ndez Dur\u00e1n<\/strong>, ingeniero de caminos y urbanista; <strong>Ram\u00f3n L\u00f3pez de Lucio<\/strong>, catedr\u00e1tico de Planeamiento Urban\u00edstico de la ETSAM; <strong>Isidro L\u00f3pez<\/strong>, Observatorio Metropolitano de Madrid; <strong>Fernando Prieto del Campo<\/strong>, Universidad de Alcal\u00e1 &amp; OSE; <strong>Fernando Roch<\/strong>, catedr\u00e1tico de Urbanismo de la ETSAM; <strong>Julio Rodr\u00edguez L\u00f3pez<\/strong>, economista.<\/p>\n<p>COORDINA: <a href=\"http:\/\/www.universidadnomada.net\/spip.php?article276\">Universidad N\u00f3mada<\/a><br \/>\n<a href=\"http:\/\/www.museoreinasofia.es\/museoreinasofia\/live\/educacion1\/cursoslecciones\/david-harvey.html\">M\u00e1s informaci\u00f3n<\/a><\/p>\n","protected":false},"excerpt":{"rendered":"<p>Esta tarde y ma\u00f1ana David Harvey estar\u00e1 en el Museo Reina Sof\u00eda presentando su libro \u00abPar\u00eds, capital de la modernidad\u00bb y participando en el seminario \u00abCrisis hipotecaria, crisis financiera, crisis global. Din\u00e1micas de producci\u00f3n de espacio, territorio, suelo y vivienda en la coyuntura actual.\u00bb En la presentaci\u00f3n (mi\u00e9rcoles 8, 20h) intervendr\u00e1n, adem\u00e1s del autor, Jaime [&hellip;]<\/p>\n","protected":false},"author":27,"featured_media":0,"comment_status":"closed","ping_status":"closed","sticky":false,"template":"","format":"standard","meta":{"footnotes":""},"categories":[3],"tags":[],"class_list":["post-120","post","type-post","status-publish","format-standard","hentry","category-convocatorias"],"_links":{"self":[{"href":"https:\/\/montera34.org\/laboratoriourbano\/wp-json\/wp\/v2\/posts\/120","targetHints":{"allow":["GET"]}}],"collection":[{"href":"https:\/\/montera34.org\/laboratoriourbano\/wp-json\/wp\/v2\/posts"}],"about":[{"href":"https:\/\/montera34.org\/laboratoriourbano\/wp-json\/wp\/v2\/types\/post"}],"author":[{"embeddable":true,"href":"https:\/\/montera34.org\/laboratoriourbano\/wp-json\/wp\/v2\/users\/27"}],"replies":[{"embeddable":true,"href":"https:\/\/montera34.org\/laboratoriourbano\/wp-json\/wp\/v2\/comments?post=120"}],"version-history":[{"count":1,"href":"https:\/\/montera34.org\/laboratoriourbano\/wp-json\/wp\/v2\/posts\/120\/revisions"}],"predecessor-version":[{"id":738,"href":"https:\/\/montera34.org\/laboratoriourbano\/wp-json\/wp\/v2\/posts\/120\/revisions\/738"}],"wp:attachment":[{"href":"https:\/\/montera34.org\/laboratoriourbano\/wp-json\/wp\/v2\/media?parent=120"}],"wp:term":[{"taxonomy":"category","embeddable":true,"href":"https:\/\/montera34.org\/laboratoriourbano\/wp-json\/wp\/v2\/categories?post=120"},{"taxonomy":"post_tag","embeddable":true,"href":"https:\/\/montera34.org\/laboratoriourbano\/wp-json\/wp\/v2\/tags?post=120"}],"curies":[{"name":"wp","href":"https:\/\/api.w.org\/{rel}","templated":true}]}}