{"id":108,"date":"2008-10-06T22:00:16","date_gmt":"2008-10-06T21:00:16","guid":{"rendered":"http:\/\/www.nodo50.org\/laboratoriourbano\/?p=108"},"modified":"2017-11-02T22:52:29","modified_gmt":"2017-11-02T22:52:29","slug":"manifestacion-arquitectos-explotados","status":"publish","type":"post","link":"https:\/\/montera34.org\/laboratoriourbano\/2008\/10\/06\/manifestacion-arquitectos-explotados\/","title":{"rendered":"Manifestaci\u00f3n ARQUITECTOS EXPLOTADOS"},"content":{"rendered":"<p>Arquitectos explotados convocan una manifestaci\u00f3n para el pr\u00f3ximo s\u00e1bado 11 de octubre con motivo de la semana de la arquitectura.<\/p>\n<p><a href=\"http:\/\/arquitectosexplotados.blogspot.com\">http:\/\/arquitectosexplotados.blogspot.com<\/a><\/p>\n","protected":false},"excerpt":{"rendered":"<p>Arquitectos explotados convocan una manifestaci\u00f3n para el pr\u00f3ximo s\u00e1bado 11 de octubre con motivo de la semana de la arquitectura. http:\/\/arquitectosexplotados.blogspot.com<\/p>\n","protected":false},"author":30,"featured_media":0,"comment_status":"closed","ping_status":"closed","sticky":false,"template":"","format":"standard","meta":{"footnotes":""},"categories":[3],"tags":[],"class_list":["post-108","post","type-post","status-publish","format-standard","hentry","category-convocatorias"],"_links":{"self":[{"href":"https:\/\/montera34.org\/laboratoriourbano\/wp-json\/wp\/v2\/posts\/108","targetHints":{"allow":["GET"]}}],"collection":[{"href":"https:\/\/montera34.org\/laboratoriourbano\/wp-json\/wp\/v2\/posts"}],"about":[{"href":"https:\/\/montera34.org\/laboratoriourbano\/wp-json\/wp\/v2\/types\/post"}],"author":[{"embeddable":true,"href":"https:\/\/montera34.org\/laboratoriourbano\/wp-json\/wp\/v2\/users\/30"}],"replies":[{"embeddable":true,"href":"https:\/\/montera34.org\/laboratoriourbano\/wp-json\/wp\/v2\/comments?post=108"}],"version-history":[{"count":1,"href":"https:\/\/montera34.org\/laboratoriourbano\/wp-json\/wp\/v2\/posts\/108\/revisions"}],"predecessor-version":[{"id":759,"href":"https:\/\/montera34.org\/laboratoriourbano\/wp-json\/wp\/v2\/posts\/108\/revisions\/759"}],"wp:attachment":[{"href":"https:\/\/montera34.org\/laboratoriourbano\/wp-json\/wp\/v2\/media?parent=108"}],"wp:term":[{"taxonomy":"category","embeddable":true,"href":"https:\/\/montera34.org\/laboratoriourbano\/wp-json\/wp\/v2\/categories?post=108"},{"taxonomy":"post_tag","embeddable":true,"href":"https:\/\/montera34.org\/laboratoriourbano\/wp-json\/wp\/v2\/tags?post=108"}],"curies":[{"name":"wp","href":"https:\/\/api.w.org\/{rel}","templated":true}]}}